{"id":926,"date":"2020-02-20T11:17:21","date_gmt":"2020-02-20T14:17:21","guid":{"rendered":"http:\/\/sinspeb.org.br\/?p=926"},"modified":"2020-02-20T11:24:18","modified_gmt":"2020-02-20T14:24:18","slug":"carnaval-2020-assembleia-delibera-que-policiais-penais-e-civis-nao-poderao-realizar-operacao-conjunta-com-a-pm","status":"publish","type":"post","link":"https:\/\/sinspeb.org.br\/?p=926","title":{"rendered":"Carnaval 2020: assembleia delibera que policiais  penais e civis n\u00e3o poder\u00e3o realizar  opera\u00e7\u00e3o conjunta com a PM"},"content":{"rendered":"<p>A intensifica\u00e7\u00e3o da Opera\u00e7\u00e3o Legalidade durante a festa carnavalesca foi outra pauta aprovada pelos servidores<\/p>\n<p><img fetchpriority=\"high\" decoding=\"async\" src=\"http:\/\/sinspeb.org.br\/wp-content\/uploads\/2020\/02\/20200219_133611-1024x768.jpg\" alt=\"\" width=\"750\" height=\"563\" class=\"aligncenter size-large wp-image-927\" srcset=\"https:\/\/sinspeb.org.br\/wp-content\/uploads\/2020\/02\/20200219_133611-1024x768.jpg 1024w, https:\/\/sinspeb.org.br\/wp-content\/uploads\/2020\/02\/20200219_133611-300x225.jpg 300w, https:\/\/sinspeb.org.br\/wp-content\/uploads\/2020\/02\/20200219_133611-768x576.jpg 768w\" sizes=\"(max-width: 750px) 100vw, 750px\" \/><\/p>\n<p>A Assembleia Unificada dos Policiais Penais e Civis, que ocorreu na manh\u00e3 desta quarta-feira(19), na faculdade Visconde de Cairu, deliberou que os servidores n\u00e3o v\u00e3o realizar opera\u00e7\u00e3o conjunta com a PM durante o carnaval deste ano; ser\u00e3o realizados atos e protestos do Farol da Barra at\u00e9 o Cristo, neste s\u00e1bado(22), \u00e0s 14 h, e durante a Mudan\u00e7a do Garcia, na pr\u00f3xima segunda-feira ( 24), a partir das 9 h;os servidores ir\u00e3o distribuir cartilha de Abuso de Autoridade nos postos da Pol\u00edcia Civil localizados no circuito do carnaval; entrega  coletiva dos Equipamentos de Prote\u00e7\u00e3o Individual como  muni\u00e7\u00f5es e coletes vencidos; assembleias Itinerantes no interior do Estado para discutir a possibilidade de entrega das horas extras e cargos comissionados; mo\u00e7\u00e3o de apoio \u00e0 Defensoria P\u00fablica e aos petroleiros em greve e intensifica\u00e7\u00e3o da Opera\u00e7\u00e3o Legalidade em todo o Estado da Bahia.<\/p>\n<p><img decoding=\"async\" src=\"http:\/\/sinspeb.org.br\/wp-content\/uploads\/2020\/02\/20200219_124945-1024x768.jpg\" alt=\"\" width=\"750\" height=\"563\" class=\"aligncenter size-large wp-image-928\" srcset=\"https:\/\/sinspeb.org.br\/wp-content\/uploads\/2020\/02\/20200219_124945-1024x768.jpg 1024w, https:\/\/sinspeb.org.br\/wp-content\/uploads\/2020\/02\/20200219_124945-300x225.jpg 300w, https:\/\/sinspeb.org.br\/wp-content\/uploads\/2020\/02\/20200219_124945-768x576.jpg 768w\" sizes=\"(max-width: 750px) 100vw, 750px\" \/><\/p>\n<p>&#8220;Como n\u00e3o houve abertura de di\u00e1logo com o Governo do Estado temos a necessidade de intensifica\u00e7\u00e3o das a\u00e7\u00f5es visando pressionar a gest\u00e3o estadual a sentar conosco, pois acreditamos que o di\u00e1logo e a negocia\u00e7\u00e3o sempre s\u00e3o os melhores caminhos&#8221;, destaca o presidente do Sindicato dos Servidores Penitenci\u00e1rios(Sinspeb), Reivon Pimentel. <\/p>\n<p>A Assembleia Unificada foi realizada pelo Sinspeb, Sindpoc,Aepe-Sindicato, Unipol, Sindpep e Adpeb.<\/p>\n<p><img decoding=\"async\" src=\"http:\/\/sinspeb.org.br\/wp-content\/uploads\/2020\/02\/20200219_132626-1024x768.jpg\" alt=\"\" width=\"750\" height=\"563\" class=\"aligncenter size-large wp-image-929\" srcset=\"https:\/\/sinspeb.org.br\/wp-content\/uploads\/2020\/02\/20200219_132626-1024x768.jpg 1024w, https:\/\/sinspeb.org.br\/wp-content\/uploads\/2020\/02\/20200219_132626-300x225.jpg 300w, https:\/\/sinspeb.org.br\/wp-content\/uploads\/2020\/02\/20200219_132626-768x576.jpg 768w\" sizes=\"(max-width: 750px) 100vw, 750px\" \/><\/p>\n<p><img loading=\"lazy\" decoding=\"async\" src=\"http:\/\/sinspeb.org.br\/wp-content\/uploads\/2020\/02\/20200219_123118-1024x768.jpg\" alt=\"\" width=\"750\" height=\"563\" class=\"aligncenter size-large wp-image-930\" srcset=\"https:\/\/sinspeb.org.br\/wp-content\/uploads\/2020\/02\/20200219_123118-1024x768.jpg 1024w, https:\/\/sinspeb.org.br\/wp-content\/uploads\/2020\/02\/20200219_123118-300x225.jpg 300w, https:\/\/sinspeb.org.br\/wp-content\/uploads\/2020\/02\/20200219_123118-768x576.jpg 768w\" sizes=\"(max-width: 750px) 100vw, 750px\" \/><\/p>\n<p><img loading=\"lazy\" decoding=\"async\" src=\"http:\/\/sinspeb.org.br\/wp-content\/uploads\/2020\/02\/20200219_123128-1024x768.jpg\" alt=\"\" width=\"750\" height=\"563\" class=\"aligncenter size-large wp-image-931\" srcset=\"https:\/\/sinspeb.org.br\/wp-content\/uploads\/2020\/02\/20200219_123128-1024x768.jpg 1024w, https:\/\/sinspeb.org.br\/wp-content\/uploads\/2020\/02\/20200219_123128-300x225.jpg 300w, https:\/\/sinspeb.org.br\/wp-content\/uploads\/2020\/02\/20200219_123128-768x576.jpg 768w\" sizes=\"(max-width: 750px) 100vw, 750px\" \/><\/p>\n<p><img loading=\"lazy\" decoding=\"async\" src=\"http:\/\/sinspeb.org.br\/wp-content\/uploads\/2020\/02\/20200219_113551-1024x768.jpg\" alt=\"\" width=\"750\" height=\"563\" class=\"aligncenter size-large wp-image-932\" srcset=\"https:\/\/sinspeb.org.br\/wp-content\/uploads\/2020\/02\/20200219_113551-1024x768.jpg 1024w, https:\/\/sinspeb.org.br\/wp-content\/uploads\/2020\/02\/20200219_113551-300x225.jpg 300w, https:\/\/sinspeb.org.br\/wp-content\/uploads\/2020\/02\/20200219_113551-768x576.jpg 768w\" sizes=\"(max-width: 750px) 100vw, 750px\" \/><\/p>\n<p><img loading=\"lazy\" decoding=\"async\" src=\"http:\/\/sinspeb.org.br\/wp-content\/uploads\/2020\/02\/20200219_111744-1024x768.jpg\" alt=\"\" width=\"750\" height=\"563\" class=\"aligncenter size-large wp-image-933\" srcset=\"https:\/\/sinspeb.org.br\/wp-content\/uploads\/2020\/02\/20200219_111744-1024x768.jpg 1024w, https:\/\/sinspeb.org.br\/wp-content\/uploads\/2020\/02\/20200219_111744-300x225.jpg 300w, https:\/\/sinspeb.org.br\/wp-content\/uploads\/2020\/02\/20200219_111744-768x576.jpg 768w\" sizes=\"(max-width: 750px) 100vw, 750px\" \/><\/p>\n<p><img loading=\"lazy\" decoding=\"async\" src=\"http:\/\/sinspeb.org.br\/wp-content\/uploads\/2020\/02\/20200219_111804_Burst01-1024x768.jpg\" alt=\"\" width=\"750\" height=\"563\" class=\"aligncenter size-large wp-image-934\" srcset=\"https:\/\/sinspeb.org.br\/wp-content\/uploads\/2020\/02\/20200219_111804_Burst01-1024x768.jpg 1024w, https:\/\/sinspeb.org.br\/wp-content\/uploads\/2020\/02\/20200219_111804_Burst01-300x225.jpg 300w, https:\/\/sinspeb.org.br\/wp-content\/uploads\/2020\/02\/20200219_111804_Burst01-768x576.jpg 768w\" sizes=\"(max-width: 750px) 100vw, 750px\" \/><\/p>\n<p><div style=\"width: 800px;\" class=\"wp-video\"><!--[if lt IE 9]><script>document.createElement('video');<\/script><![endif]-->\n<video class=\"wp-video-shortcode\" id=\"video-926-1\" width=\"800\" height=\"450\" preload=\"metadata\" controls=\"controls\"><source type=\"video\/mp4\" src=\"http:\/\/sinspeb.org.br\/wp-content\/uploads\/2020\/02\/20200219_130731.mp4?_=1\" \/><a href=\"http:\/\/sinspeb.org.br\/wp-content\/uploads\/2020\/02\/20200219_130731.mp4\">http:\/\/sinspeb.org.br\/wp-content\/uploads\/2020\/02\/20200219_130731.mp4<\/a><\/video><\/div><br \/>\nAscom Sinspeb<\/p>\n","protected":false},"excerpt":{"rendered":"<p>A intensifica\u00e7\u00e3o da Opera\u00e7\u00e3o Legalidade durante a festa carnavalesca foi outra pauta aprovada pelos servidores A Assembleia Unificada dos Policiais<\/p>\n","protected":false},"author":1,"featured_media":0,"comment_status":"open","ping_status":"open","sticky":false,"template":"","format":"standard","meta":{"colormag_page_container_layout":"default_layout","colormag_page_sidebar_layout":"default_layout","footnotes":""},"categories":[1],"tags":[],"class_list":["post-926","post","type-post","status-publish","format-standard","hentry","category-noticias"],"_links":{"self":[{"href":"https:\/\/sinspeb.org.br\/index.php?rest_route=\/wp\/v2\/posts\/926","targetHints":{"allow":["GET"]}}],"collection":[{"href":"https:\/\/sinspeb.org.br\/index.php?rest_route=\/wp\/v2\/posts"}],"about":[{"href":"https:\/\/sinspeb.org.br\/index.php?rest_route=\/wp\/v2\/types\/post"}],"author":[{"embeddable":true,"href":"https:\/\/sinspeb.org.br\/index.php?rest_route=\/wp\/v2\/users\/1"}],"replies":[{"embeddable":true,"href":"https:\/\/sinspeb.org.br\/index.php?rest_route=%2Fwp%2Fv2%2Fcomments&post=926"}],"version-history":[{"count":4,"href":"https:\/\/sinspeb.org.br\/index.php?rest_route=\/wp\/v2\/posts\/926\/revisions"}],"predecessor-version":[{"id":939,"href":"https:\/\/sinspeb.org.br\/index.php?rest_route=\/wp\/v2\/posts\/926\/revisions\/939"}],"wp:attachment":[{"href":"https:\/\/sinspeb.org.br\/index.php?rest_route=%2Fwp%2Fv2%2Fmedia&parent=926"}],"wp:term":[{"taxonomy":"category","embeddable":true,"href":"https:\/\/sinspeb.org.br\/index.php?rest_route=%2Fwp%2Fv2%2Fcategories&post=926"},{"taxonomy":"post_tag","embeddable":true,"href":"https:\/\/sinspeb.org.br\/index.php?rest_route=%2Fwp%2Fv2%2Ftags&post=926"}],"curies":[{"name":"wp","href":"https:\/\/api.w.org\/{rel}","templated":true}]}}