{"id":943,"date":"2020-02-24T13:20:26","date_gmt":"2020-02-24T16:20:26","guid":{"rendered":"http:\/\/sinspeb.org.br\/?p=943"},"modified":"2020-02-24T13:20:26","modified_gmt":"2020-02-24T16:20:26","slug":"mudanca-do-garcia-policiais-penais-e-civis-reivindicam-abertura-de-dialogo-com-o-governo-do-estado","status":"publish","type":"post","link":"https:\/\/sinspeb.org.br\/?p=943","title":{"rendered":"Mudan\u00e7a do Garcia: policiais penais e civis reivindicam abertura de di\u00e1logo com o Governo do Estado"},"content":{"rendered":"<p>Durante o protesto, as duas categorias denunciaram o sucateamento das Pol\u00edcias Penal e Civil <\/p>\n<p><img fetchpriority=\"high\" decoding=\"async\" src=\"http:\/\/sinspeb.org.br\/wp-content\/uploads\/2020\/02\/IMG-20200224-WA0025-1024x768.jpg\" alt=\"\" width=\"750\" height=\"563\" class=\"aligncenter size-large wp-image-944\" srcset=\"https:\/\/sinspeb.org.br\/wp-content\/uploads\/2020\/02\/IMG-20200224-WA0025-1024x768.jpg 1024w, https:\/\/sinspeb.org.br\/wp-content\/uploads\/2020\/02\/IMG-20200224-WA0025-300x225.jpg 300w, https:\/\/sinspeb.org.br\/wp-content\/uploads\/2020\/02\/IMG-20200224-WA0025-768x576.jpg 768w, https:\/\/sinspeb.org.br\/wp-content\/uploads\/2020\/02\/IMG-20200224-WA0025.jpg 1280w\" sizes=\"(max-width: 750px) 100vw, 750px\" \/><\/p>\n<p>Nesta segunda-feira(24) policiais penais e civis participaram da tradicional Mudan\u00e7a do Garcia com faixas, cartazes e blusas personalizadas com o mote&#8221; Pol\u00edcia Civil e Penal em Defesa do Servi\u00e7o P\u00fablico e da Seguran\u00e7a P\u00fablica no carnaval legalizado&#8221;.<\/p>\n<p>Os servidores  reivindicam abertura de di\u00e1logo com o Governo do Estado,defendem a regulamenta\u00e7\u00e3o da Pol\u00edcia Penal baiana, denunciam o sucateamento das Pol\u00edcias Penal e Civil, protestam contra os preju\u00edzos que ser\u00e3o ocasionados ao funcionalismo p\u00fablico decorrentes da aprova\u00e7\u00e3o da PEC 159\/2020 que aprovou a Reforma da Previd\u00eancia estadual e reafirmam que est\u00e3o trabalhando na festa momesca atrav\u00e9s da Opera\u00e7\u00e3o Legalidade.<\/p>\n<p><img decoding=\"async\" src=\"http:\/\/sinspeb.org.br\/wp-content\/uploads\/2020\/02\/IMG-20200224-WA0013-1024x768.jpg\" alt=\"\" width=\"750\" height=\"563\" class=\"aligncenter size-large wp-image-945\" srcset=\"https:\/\/sinspeb.org.br\/wp-content\/uploads\/2020\/02\/IMG-20200224-WA0013-1024x768.jpg 1024w, https:\/\/sinspeb.org.br\/wp-content\/uploads\/2020\/02\/IMG-20200224-WA0013-300x225.jpg 300w, https:\/\/sinspeb.org.br\/wp-content\/uploads\/2020\/02\/IMG-20200224-WA0013-768x576.jpg 768w, https:\/\/sinspeb.org.br\/wp-content\/uploads\/2020\/02\/IMG-20200224-WA0013.jpg 1280w\" sizes=\"(max-width: 750px) 100vw, 750px\" \/><\/p>\n<p>O Presidente do Sinspeb, Reivon Pimentel, destaca a import\u00e2ncia de um canal de negocia\u00e7\u00e3o entre as duas categorias e a gest\u00e3o estadual. &#8220;Como n\u00e3o houve abertura de di\u00e1logo com o Governo do Estado temos a necessidade de intensificar as a\u00e7\u00f5es visando pressionar a gest\u00e3o estadual a sentar conosco, pois acreditamos que o di\u00e1logo e a negocia\u00e7\u00e3o sempre s\u00e3o os melhores caminhos&#8221;, destaca o presidente do Sindicato dos Servidores Penitenci\u00e1rios(Sinspeb).<\/p>\n<p><img decoding=\"async\" src=\"http:\/\/sinspeb.org.br\/wp-content\/uploads\/2020\/02\/IMG-20200224-WA0027-1024x768.jpg\" alt=\"\" width=\"750\" height=\"563\" class=\"aligncenter size-large wp-image-946\" srcset=\"https:\/\/sinspeb.org.br\/wp-content\/uploads\/2020\/02\/IMG-20200224-WA0027-1024x768.jpg 1024w, https:\/\/sinspeb.org.br\/wp-content\/uploads\/2020\/02\/IMG-20200224-WA0027-300x225.jpg 300w, https:\/\/sinspeb.org.br\/wp-content\/uploads\/2020\/02\/IMG-20200224-WA0027-768x576.jpg 768w, https:\/\/sinspeb.org.br\/wp-content\/uploads\/2020\/02\/IMG-20200224-WA0027.jpg 1280w\" sizes=\"(max-width: 750px) 100vw, 750px\" \/><\/p>\n<p>O ato pol\u00edtico que ocorreu na Mudan\u00e7a do Garcia contou com a participa\u00e7\u00e3o de representantes do  Sinspeb, Sindpoc, Aepe-Sindicato, Unipol, Assipoc e Sindpep.<\/p>\n<p>Ascom Sinspeb<\/p>\n<p><img loading=\"lazy\" decoding=\"async\" src=\"http:\/\/sinspeb.org.br\/wp-content\/uploads\/2020\/02\/IMG-20200224-WA0019-1024x768.jpg\" alt=\"\" width=\"750\" height=\"563\" class=\"aligncenter size-large wp-image-947\" srcset=\"https:\/\/sinspeb.org.br\/wp-content\/uploads\/2020\/02\/IMG-20200224-WA0019-1024x768.jpg 1024w, https:\/\/sinspeb.org.br\/wp-content\/uploads\/2020\/02\/IMG-20200224-WA0019-300x225.jpg 300w, https:\/\/sinspeb.org.br\/wp-content\/uploads\/2020\/02\/IMG-20200224-WA0019-768x576.jpg 768w, https:\/\/sinspeb.org.br\/wp-content\/uploads\/2020\/02\/IMG-20200224-WA0019.jpg 1280w\" sizes=\"(max-width: 750px) 100vw, 750px\" \/><\/p>\n<p><img loading=\"lazy\" decoding=\"async\" src=\"http:\/\/sinspeb.org.br\/wp-content\/uploads\/2020\/02\/IMG-20200224-WA0018-1024x768.jpg\" alt=\"\" width=\"750\" height=\"563\" class=\"aligncenter size-large wp-image-948\" srcset=\"https:\/\/sinspeb.org.br\/wp-content\/uploads\/2020\/02\/IMG-20200224-WA0018-1024x768.jpg 1024w, https:\/\/sinspeb.org.br\/wp-content\/uploads\/2020\/02\/IMG-20200224-WA0018-300x225.jpg 300w, https:\/\/sinspeb.org.br\/wp-content\/uploads\/2020\/02\/IMG-20200224-WA0018-768x576.jpg 768w, https:\/\/sinspeb.org.br\/wp-content\/uploads\/2020\/02\/IMG-20200224-WA0018.jpg 1280w\" sizes=\"(max-width: 750px) 100vw, 750px\" \/><\/p>\n","protected":false},"excerpt":{"rendered":"<p>Durante o protesto, as duas categorias denunciaram o sucateamento das Pol\u00edcias Penal e Civil Nesta segunda-feira(24) policiais penais e civis<\/p>\n","protected":false},"author":1,"featured_media":0,"comment_status":"open","ping_status":"open","sticky":false,"template":"","format":"standard","meta":{"colormag_page_container_layout":"default_layout","colormag_page_sidebar_layout":"default_layout","footnotes":""},"categories":[1],"tags":[],"class_list":["post-943","post","type-post","status-publish","format-standard","hentry","category-noticias"],"_links":{"self":[{"href":"https:\/\/sinspeb.org.br\/index.php?rest_route=\/wp\/v2\/posts\/943","targetHints":{"allow":["GET"]}}],"collection":[{"href":"https:\/\/sinspeb.org.br\/index.php?rest_route=\/wp\/v2\/posts"}],"about":[{"href":"https:\/\/sinspeb.org.br\/index.php?rest_route=\/wp\/v2\/types\/post"}],"author":[{"embeddable":true,"href":"https:\/\/sinspeb.org.br\/index.php?rest_route=\/wp\/v2\/users\/1"}],"replies":[{"embeddable":true,"href":"https:\/\/sinspeb.org.br\/index.php?rest_route=%2Fwp%2Fv2%2Fcomments&post=943"}],"version-history":[{"count":1,"href":"https:\/\/sinspeb.org.br\/index.php?rest_route=\/wp\/v2\/posts\/943\/revisions"}],"predecessor-version":[{"id":949,"href":"https:\/\/sinspeb.org.br\/index.php?rest_route=\/wp\/v2\/posts\/943\/revisions\/949"}],"wp:attachment":[{"href":"https:\/\/sinspeb.org.br\/index.php?rest_route=%2Fwp%2Fv2%2Fmedia&parent=943"}],"wp:term":[{"taxonomy":"category","embeddable":true,"href":"https:\/\/sinspeb.org.br\/index.php?rest_route=%2Fwp%2Fv2%2Fcategories&post=943"},{"taxonomy":"post_tag","embeddable":true,"href":"https:\/\/sinspeb.org.br\/index.php?rest_route=%2Fwp%2Fv2%2Ftags&post=943"}],"curies":[{"name":"wp","href":"https:\/\/api.w.org\/{rel}","templated":true}]}}