{"id":951,"date":"2020-03-13T12:56:00","date_gmt":"2020-03-13T15:56:00","guid":{"rendered":"http:\/\/sinspeb.org.br\/?p=951"},"modified":"2020-03-13T12:56:00","modified_gmt":"2020-03-13T15:56:00","slug":"drogas-ilicitas-aparelhos-celulares-e-armas-brancas-sao-apreendidas-por-policiais-penais-nesta-sexta-feira13","status":"publish","type":"post","link":"https:\/\/sinspeb.org.br\/?p=951","title":{"rendered":"Drogas il\u00edcitas, aparelhos celulares e armas brancas s\u00e3o apreendidas por Policiais Penais  nesta sexta-feira(13 )"},"content":{"rendered":"<p>De acordo com o Sindicato dos Servidores Penitenci\u00e1rios(Sinspeb),o Conjunto Penitenci\u00e1rio de Salvador \u00e9 &#8220;casa de m\u00e3e Joana&#8221;, pois a aus\u00eancia de muros, de  sistema de monitoramento por c\u00e2mera e de bloqueadores de celulares facilita a entrada de material il\u00edcito &#8220;entra e sai quem quer e levando o que quiser&#8221;, denuncia o sindicato<\/p>\n<p><img fetchpriority=\"high\" decoding=\"async\" src=\"http:\/\/sinspeb.org.br\/wp-content\/uploads\/2020\/03\/IMG-20200118-WA0001.jpg\" alt=\"\" width=\"640\" height=\"640\" class=\"aligncenter size-full wp-image-952\" srcset=\"https:\/\/sinspeb.org.br\/wp-content\/uploads\/2020\/03\/IMG-20200118-WA0001.jpg 640w, https:\/\/sinspeb.org.br\/wp-content\/uploads\/2020\/03\/IMG-20200118-WA0001-150x150.jpg 150w, https:\/\/sinspeb.org.br\/wp-content\/uploads\/2020\/03\/IMG-20200118-WA0001-300x300.jpg 300w\" sizes=\"(max-width: 640px) 100vw, 640px\" \/><\/p>\n<p>Na manh\u00e3 desta sexta-feira(13), Policiais Penais que trabalham na Cadeia P\u00fablica I, pertencente ao Conjunto Penitenci\u00e1rio de Salvador, localizado na Mata Escura, conseguiram apreender drogas  il\u00edcitas, armas brancas e aparelhos celulares que foram arremessados em formato de &#8220;bolas&#8221; e envolvidos em um material semelhante \u00e0 uma rede que \u00e9 &#8220;puxada&#8221; ou &#8220;pescada&#8221; pelos presidi\u00e1rios, a atividade \u00e9 conhecida nos pres\u00eddios como &#8221; pescaria&#8221;.<\/p>\n<p>O presidente do Sindicato dos Servidores Penitenci\u00e1rios (Sinspeb), Reivon Pimentel, destaca que problemas estruturais do Conjunto Penitenci\u00e1rio como a aus\u00eancia de muros, cercas e qualquer tipo de conten\u00e7\u00e3o, falta de investimento tecnol\u00f3gico, escassez  de Policiais Militares nas guaritas e passarelas das unidades,facilitam a entrada dos il\u00edcitos.   Segundo o \u00faltimo levantamento feito pelo sindicato, menos de 20% das guaritas est\u00e3o sendo guarnecidas por propostos da Pol\u00edcia Militar. &#8221; Qualquer pessoa que queira entrar pela Mata Escura, Sussuarana ou Gal Costa tem acesso livre para arremessar  diversos tipos de l\u00edcitos, inclusive, armas brancas e armas de fogo. O Conjunto Penitenci\u00e1rio de Salvador \u00e9 uma verdadeira casa de m\u00e3e Joana entre e sai quem quer, levando o que quiser&#8221;,  denuncia o sindicalista, ao salientar que a Vigil\u00e2ncia  Perimetral da unidade \u00e9 de responsabilidade da Pol\u00edcia Militar e a PM alega n\u00e3o ter efetivo suficiente para desempenhar a fiscaliza\u00e7\u00e3o.<\/p>\n<p><img decoding=\"async\" src=\"http:\/\/sinspeb.org.br\/wp-content\/uploads\/2020\/03\/IMG-20200313-WA0002-1024x768.jpg\" alt=\"\" width=\"750\" height=\"563\" class=\"aligncenter size-large wp-image-953\" srcset=\"https:\/\/sinspeb.org.br\/wp-content\/uploads\/2020\/03\/IMG-20200313-WA0002-1024x768.jpg 1024w, https:\/\/sinspeb.org.br\/wp-content\/uploads\/2020\/03\/IMG-20200313-WA0002-300x225.jpg 300w, https:\/\/sinspeb.org.br\/wp-content\/uploads\/2020\/03\/IMG-20200313-WA0002-768x576.jpg 768w, https:\/\/sinspeb.org.br\/wp-content\/uploads\/2020\/03\/IMG-20200313-WA0002.jpg 1280w\" sizes=\"(max-width: 750px) 100vw, 750px\" \/><\/p>\n<p>O presidente do Sinspeb enfatiza a necessidade, em car\u00e1ter emergencial, da realiza\u00e7\u00e3o de Concurso P\u00fablico pelo Governo do Estado para nomea\u00e7\u00e3o de novos Policiais Penais para que possam suprir o d\u00e9ficit de efetivo que existe nas unidades prisionais da Bahia. &#8220;\u00c9 uma situa\u00e7\u00e3o cr\u00edtica que requer solu\u00e7\u00e3o o mais breve poss\u00edvel, pois nos encontramos em um quadro que facilita totalmente as rebeli\u00f5es e fugas, al\u00e9m de colocar a vida dos Servidores Penitenci\u00e1rios em risco e tamb\u00e9m a seguran\u00e7a da sociedade civil baiana&#8221;, frisa Reivon Pimentel.<\/p>\n<p>Ascom Sinspeb<\/p>\n","protected":false},"excerpt":{"rendered":"<p>De acordo com o Sindicato dos Servidores Penitenci\u00e1rios(Sinspeb),o Conjunto Penitenci\u00e1rio de Salvador \u00e9 &#8220;casa de m\u00e3e Joana&#8221;, pois a aus\u00eancia<\/p>\n","protected":false},"author":1,"featured_media":0,"comment_status":"open","ping_status":"open","sticky":false,"template":"","format":"standard","meta":{"colormag_page_container_layout":"default_layout","colormag_page_sidebar_layout":"default_layout","footnotes":""},"categories":[1],"tags":[],"class_list":["post-951","post","type-post","status-publish","format-standard","hentry","category-noticias"],"_links":{"self":[{"href":"https:\/\/sinspeb.org.br\/index.php?rest_route=\/wp\/v2\/posts\/951","targetHints":{"allow":["GET"]}}],"collection":[{"href":"https:\/\/sinspeb.org.br\/index.php?rest_route=\/wp\/v2\/posts"}],"about":[{"href":"https:\/\/sinspeb.org.br\/index.php?rest_route=\/wp\/v2\/types\/post"}],"author":[{"embeddable":true,"href":"https:\/\/sinspeb.org.br\/index.php?rest_route=\/wp\/v2\/users\/1"}],"replies":[{"embeddable":true,"href":"https:\/\/sinspeb.org.br\/index.php?rest_route=%2Fwp%2Fv2%2Fcomments&post=951"}],"version-history":[{"count":1,"href":"https:\/\/sinspeb.org.br\/index.php?rest_route=\/wp\/v2\/posts\/951\/revisions"}],"predecessor-version":[{"id":954,"href":"https:\/\/sinspeb.org.br\/index.php?rest_route=\/wp\/v2\/posts\/951\/revisions\/954"}],"wp:attachment":[{"href":"https:\/\/sinspeb.org.br\/index.php?rest_route=%2Fwp%2Fv2%2Fmedia&parent=951"}],"wp:term":[{"taxonomy":"category","embeddable":true,"href":"https:\/\/sinspeb.org.br\/index.php?rest_route=%2Fwp%2Fv2%2Fcategories&post=951"},{"taxonomy":"post_tag","embeddable":true,"href":"https:\/\/sinspeb.org.br\/index.php?rest_route=%2Fwp%2Fv2%2Ftags&post=951"}],"curies":[{"name":"wp","href":"https:\/\/api.w.org\/{rel}","templated":true}]}}