{"id":957,"date":"2020-03-16T21:05:07","date_gmt":"2020-03-17T00:05:07","guid":{"rendered":"http:\/\/sinspeb.org.br\/?p=957"},"modified":"2020-03-16T21:05:07","modified_gmt":"2020-03-17T00:05:07","slug":"sindicato-denuncia-que-os-presidios-baianos-estao-sem-material-de-higiene-limpeza-e-sem-os-equipamentos-de-protecao-individualepis-de-prevencao-ao-coronavirus","status":"publish","type":"post","link":"https:\/\/sinspeb.org.br\/?p=957","title":{"rendered":"Sindicato denuncia que os pres\u00eddios baianos est\u00e3o sem  material de higiene, limpeza e sem os Equipamentos de Prote\u00e7\u00e3o Individual(EPIs) de preven\u00e7\u00e3o ao Coronav\u00edrus"},"content":{"rendered":"<p>At\u00e9 o momento, o Sinspeb n\u00e3o obteve nenhum retorno da Seap em rela\u00e7\u00e3o ao pedido de suspens\u00e3o total das visitas<\/p>\n<p>O Sindicato dos Servidores Penitenci\u00e1rio( Sinspeb) informa que as unidades prisionais do Estado est\u00e3o sem \u00e1lcool gel, detergente l\u00edquido e papel toalha que deveriam ser utilizados pelos Policiais Penais, demais Servidores Penitenci\u00e1rios e detentos na preven\u00e7\u00e3o ao Coronav\u00edrus. O sindicato protocolou tr\u00eas of\u00edcios de  n\u00b0 035\/2020 e 036\/2020  junto \u00e0 SEAP, Minist\u00e9rio P\u00fablico Estadual(MPE) e Sesab, nesta segunda-feira(16), para solicitar, em car\u00e1ter de urg\u00eancia, material de higiene,  limpeza e os Equipamentos de Prote\u00e7\u00e3o Individual (EPIS)e a total suspens\u00e3o das visitas e das sa\u00eddas tempor\u00e1rias. <\/p>\n<p>Durante inspe\u00e7\u00e3o feita pelo sindicato, nesta segunda-feira( 16),na cadeia p\u00fablica, pertencente ao Complexo Penitenci\u00e1rio de Salvador, localizado na Mata Escura, foi constatado  apenas um sabonete para ser utilizado por todos os Policiais Penais de plant\u00e3o, torneira sem \u00e1gua,descargas quebradas, aus\u00eancia de \u00e1lcool em gel, de detergente l\u00edquido,  papel toalha e dos Equipamentos de Prote\u00e7\u00e3o Individual(EPIs).<\/p>\n<p>&#8221; Infelizmente, essa \u00e9 uma realidade a n\u00edvel  estadual todas as unidades do Estado est\u00e3o sem o material de preven\u00e7\u00e3o necess\u00e1rio, inclusive, os servidores est\u00e3o tamb\u00e9m sem as m\u00e1scaras, luvas e \u00f3culos. O Sindicato cobra provid\u00eancias \u00e0 SEAP para que seja evitada a prolifera\u00e7\u00e3o do Coronav\u00edrus no sistema prisional baiano. Um ambiente que j\u00e1 \u00e9 extremamente insalubre e que facilita muito o cont\u00e1gio&#8221;, frisa o Presidente do Sinspeb, Reivon Pimentel.<\/p>\n<p>Ascom Sinspeb<\/p>\n","protected":false},"excerpt":{"rendered":"<p>At\u00e9 o momento, o Sinspeb n\u00e3o obteve nenhum retorno da Seap em rela\u00e7\u00e3o ao pedido de suspens\u00e3o total das visitas<\/p>\n","protected":false},"author":1,"featured_media":0,"comment_status":"open","ping_status":"open","sticky":false,"template":"","format":"standard","meta":{"colormag_page_container_layout":"default_layout","colormag_page_sidebar_layout":"default_layout","footnotes":""},"categories":[1],"tags":[],"class_list":["post-957","post","type-post","status-publish","format-standard","hentry","category-noticias"],"_links":{"self":[{"href":"https:\/\/sinspeb.org.br\/index.php?rest_route=\/wp\/v2\/posts\/957","targetHints":{"allow":["GET"]}}],"collection":[{"href":"https:\/\/sinspeb.org.br\/index.php?rest_route=\/wp\/v2\/posts"}],"about":[{"href":"https:\/\/sinspeb.org.br\/index.php?rest_route=\/wp\/v2\/types\/post"}],"author":[{"embeddable":true,"href":"https:\/\/sinspeb.org.br\/index.php?rest_route=\/wp\/v2\/users\/1"}],"replies":[{"embeddable":true,"href":"https:\/\/sinspeb.org.br\/index.php?rest_route=%2Fwp%2Fv2%2Fcomments&post=957"}],"version-history":[{"count":1,"href":"https:\/\/sinspeb.org.br\/index.php?rest_route=\/wp\/v2\/posts\/957\/revisions"}],"predecessor-version":[{"id":958,"href":"https:\/\/sinspeb.org.br\/index.php?rest_route=\/wp\/v2\/posts\/957\/revisions\/958"}],"wp:attachment":[{"href":"https:\/\/sinspeb.org.br\/index.php?rest_route=%2Fwp%2Fv2%2Fmedia&parent=957"}],"wp:term":[{"taxonomy":"category","embeddable":true,"href":"https:\/\/sinspeb.org.br\/index.php?rest_route=%2Fwp%2Fv2%2Fcategories&post=957"},{"taxonomy":"post_tag","embeddable":true,"href":"https:\/\/sinspeb.org.br\/index.php?rest_route=%2Fwp%2Fv2%2Ftags&post=957"}],"curies":[{"name":"wp","href":"https:\/\/api.w.org\/{rel}","templated":true}]}}