{"id":959,"date":"2020-03-20T16:27:19","date_gmt":"2020-03-20T19:27:19","guid":{"rendered":"http:\/\/sinspeb.org.br\/?p=959"},"modified":"2020-03-20T16:31:40","modified_gmt":"2020-03-20T19:31:40","slug":"sindicato-ingressa-com-mandado-de-seguranca-para-denunciar-e-cobrar-em-carater-de-urgencia-material-destinado-a-prevencao-do-coronavirus-nos-presidios-baianos","status":"publish","type":"post","link":"https:\/\/sinspeb.org.br\/?p=959","title":{"rendered":"Sindicato ingressa com Mandado de Seguran\u00e7a para denunciar e cobrar, em car\u00e1ter de urg\u00eancia,  material destinado \u00e0 preven\u00e7\u00e3o do Coronav\u00edrus nos pres\u00eddios baianos"},"content":{"rendered":"<p><img fetchpriority=\"high\" decoding=\"async\" src=\"http:\/\/sinspeb.org.br\/wp-content\/uploads\/2020\/03\/IMG-20200320-WA0016-1024x768.jpg\" alt=\"\" width=\"750\" height=\"563\" class=\"aligncenter size-large wp-image-960\" srcset=\"https:\/\/sinspeb.org.br\/wp-content\/uploads\/2020\/03\/IMG-20200320-WA0016-1024x768.jpg 1024w, https:\/\/sinspeb.org.br\/wp-content\/uploads\/2020\/03\/IMG-20200320-WA0016-300x225.jpg 300w, https:\/\/sinspeb.org.br\/wp-content\/uploads\/2020\/03\/IMG-20200320-WA0016-768x576.jpg 768w, https:\/\/sinspeb.org.br\/wp-content\/uploads\/2020\/03\/IMG-20200320-WA0016.jpg 1280w\" sizes=\"(max-width: 750px) 100vw, 750px\" \/><\/p>\n<p>De acordo com o SINSPEB, diversos detentos  apresentam sintomas do v\u00edrus como febre, dor de cabe\u00e7a, dores no corpo, tosse e a Central M\u00e9dica do Complexo Penitenci\u00e1rio de Salvador n\u00e3o possui  produtos de higiene pessoal e nem  m\u00e1scaras e luvas<\/p>\n<p>O Sindicato dos Servidores Penitenci\u00e1rios(SINSPEB) denuncia que, at\u00e9 o momento, as  unidades prisionais do Estado n\u00e3o receberam o material destinado \u00e0 higieniza\u00e7\u00e3o, assepsia e os Equipamentos de Prote\u00e7\u00e3o Individual (EPI) para preven\u00e7\u00e3o ao Coronav\u00edrus como o \u00e1lcool em gel, sabonetes l\u00edquidos, m\u00e1scaras e luvas. <\/p>\n<p>Durante inspe\u00e7\u00e3o feita ao Conjunto Penal de Feira de Santana, maior e mais populosa unidade prisional do Estado, o sindicato constatou que os servidores e presos continuam em uma situa\u00e7\u00e3o de total vulnerabilidade, sem os materiais necess\u00e1rios \u00e0 assepsia adequada da unidade e sem os Equipamentos de Prote\u00e7\u00e3o Individual(EPIs) .<\/p>\n<p>O SINSPEB afirma que a unidade de Jequi\u00e9 foi a \u00fanica que,  at\u00e9 o momento,  adquiriu os materiais de preven\u00e7\u00e3o, que, inclusive, foram entregues apenas aos servidores e comprados pelo pr\u00f3prio diretor da unidade. <\/p>\n<p><img decoding=\"async\" src=\"http:\/\/sinspeb.org.br\/wp-content\/uploads\/2020\/03\/IMG-20200320-WA0011-1024x768.jpg\" alt=\"\" width=\"750\" height=\"563\" class=\"aligncenter size-large wp-image-961\" srcset=\"https:\/\/sinspeb.org.br\/wp-content\/uploads\/2020\/03\/IMG-20200320-WA0011-1024x768.jpg 1024w, https:\/\/sinspeb.org.br\/wp-content\/uploads\/2020\/03\/IMG-20200320-WA0011-300x225.jpg 300w, https:\/\/sinspeb.org.br\/wp-content\/uploads\/2020\/03\/IMG-20200320-WA0011-768x576.jpg 768w, https:\/\/sinspeb.org.br\/wp-content\/uploads\/2020\/03\/IMG-20200320-WA0011.jpg 1280w\" sizes=\"(max-width: 750px) 100vw, 750px\" \/><\/p>\n<p>&#8220;Estamos percorrendo todas as unidades do Estado para fazermos a inspe\u00e7\u00e3o t\u00e9cnica e a unidade de Jequi\u00e9 foi a \u00fanica onde constatamos a presen\u00e7a das m\u00e1scaras, \u00e1lcool em gel e sabonete l\u00edquido&#8221;, frisa o presidente do SINSPEB, Reivon Pimentel, ao pontuar que, durante conversa com o Secret\u00e1rio da Seap, Nestor Duarte, o gestor afirmou que a Secretaria est\u00e1 com dificuldade de disponibilizar o material devido \u00e0 escassez de fornecedores; apenas um fornecedor garantiu \u00e0 gest\u00e3o estadual que ir\u00e1 entregar o material no prazo desta sexta-feira(20).  Os exames para diagn\u00f3stico do Coronav\u00edrus dos detentos ser\u00e3o realizados nas unidades de sa\u00fade dos munic\u00edpios. <\/p>\n<p>Devido ao quadro de calamidade, o Sindicato dos Servidores Penitenci\u00e1rios ingressou com Mandado de Seguran\u00e7a, junto ao Tribunal de Justi\u00e7a, nesta quinta-feira(19),e fez doa\u00e7\u00f5es aos Servidores Penitenci\u00e1rios lotados no Conjunto Penal de Feira de Santana. &#8221; N\u00f3s doamos papel toalha e sabonete l\u00edquido para tentarmos minimizar a situa\u00e7\u00e3o&#8221;, destaca o presidente do SINSPEB, Reivon Pimentel, ao salientar que, infelizmente, essa \u00e9 uma realidade a n\u00edvel estadual.<\/p>\n<p><img decoding=\"async\" src=\"http:\/\/sinspeb.org.br\/wp-content\/uploads\/2020\/03\/IMG-20200320-WA0003-1024x768.jpg\" alt=\"\" width=\"750\" height=\"563\" class=\"aligncenter size-large wp-image-962\" srcset=\"https:\/\/sinspeb.org.br\/wp-content\/uploads\/2020\/03\/IMG-20200320-WA0003-1024x768.jpg 1024w, https:\/\/sinspeb.org.br\/wp-content\/uploads\/2020\/03\/IMG-20200320-WA0003-300x225.jpg 300w, https:\/\/sinspeb.org.br\/wp-content\/uploads\/2020\/03\/IMG-20200320-WA0003-768x576.jpg 768w, https:\/\/sinspeb.org.br\/wp-content\/uploads\/2020\/03\/IMG-20200320-WA0003.jpg 1280w\" sizes=\"(max-width: 750px) 100vw, 750px\" \/><\/p>\n<p><img loading=\"lazy\" decoding=\"async\" src=\"http:\/\/sinspeb.org.br\/wp-content\/uploads\/2020\/03\/IMG-20200320-WA0023-768x1024.jpg\" alt=\"\" width=\"750\" height=\"1000\" class=\"aligncenter size-large wp-image-963\" srcset=\"https:\/\/sinspeb.org.br\/wp-content\/uploads\/2020\/03\/IMG-20200320-WA0023-768x1024.jpg 768w, https:\/\/sinspeb.org.br\/wp-content\/uploads\/2020\/03\/IMG-20200320-WA0023-225x300.jpg 225w, https:\/\/sinspeb.org.br\/wp-content\/uploads\/2020\/03\/IMG-20200320-WA0023.jpg 960w\" sizes=\"(max-width: 750px) 100vw, 750px\" \/><\/p>\n<p>O Mandado de Seguran\u00e7a Coletivo com pedido de liminar (processo 8006414-62.2020.8.05.0000),solicita, liminarmente, a concess\u00e3o de medida liminar inaudita autera pars, para determinar, sob pena de multa di\u00e1ria o Governo do Estado no valor de R$100.000,00 (cem mil reais); fornecimento imediato dos Equipamentos de Prote\u00e7\u00e3o Individual a todos os Servidores Penitenci\u00e1rios do Estado da Bahia; Fornecimento imediato de material de higiene pessoal para todos os servidores penitenci\u00e1rios para que possam realizar constantemente a assepsia das m\u00e3os, antebra\u00e7os e faces; fornecimento imediato de material de limpeza espec\u00edficos para desinfec\u00e7\u00e3o de todos os ambientes onde transitam os servidores penitenci\u00e1rios, colaboradores, demais profissionais e p\u00fablico em geral, al\u00e9m do interior dos m\u00f3dulos\/pavilh\u00f5es e p\u00e1tios destinados ao banho de sol da pessoa privada de liberdade; afastamentos do trabalho, sem preju\u00edzo da remunera\u00e7\u00e3o, de todos os servidores penitenci\u00e1rios que est\u00e3o no grupo de risco, isto \u00e9, com idade a partir de 60 anos, gestantes e \u00e0queles com hist\u00f3rico de doen\u00e7as cr\u00f4nicas, pois aumentam o risco de mortalidade pelo COVID-19.<\/p>\n<p>Ascom Sinspeb <\/p>\n","protected":false},"excerpt":{"rendered":"<p>De acordo com o SINSPEB, diversos detentos apresentam sintomas do v\u00edrus como febre, dor de cabe\u00e7a, dores no corpo, tosse<\/p>\n","protected":false},"author":1,"featured_media":0,"comment_status":"open","ping_status":"open","sticky":false,"template":"","format":"standard","meta":{"colormag_page_container_layout":"default_layout","colormag_page_sidebar_layout":"default_layout","footnotes":""},"categories":[1],"tags":[],"class_list":["post-959","post","type-post","status-publish","format-standard","hentry","category-noticias"],"_links":{"self":[{"href":"https:\/\/sinspeb.org.br\/index.php?rest_route=\/wp\/v2\/posts\/959","targetHints":{"allow":["GET"]}}],"collection":[{"href":"https:\/\/sinspeb.org.br\/index.php?rest_route=\/wp\/v2\/posts"}],"about":[{"href":"https:\/\/sinspeb.org.br\/index.php?rest_route=\/wp\/v2\/types\/post"}],"author":[{"embeddable":true,"href":"https:\/\/sinspeb.org.br\/index.php?rest_route=\/wp\/v2\/users\/1"}],"replies":[{"embeddable":true,"href":"https:\/\/sinspeb.org.br\/index.php?rest_route=%2Fwp%2Fv2%2Fcomments&post=959"}],"version-history":[{"count":1,"href":"https:\/\/sinspeb.org.br\/index.php?rest_route=\/wp\/v2\/posts\/959\/revisions"}],"predecessor-version":[{"id":964,"href":"https:\/\/sinspeb.org.br\/index.php?rest_route=\/wp\/v2\/posts\/959\/revisions\/964"}],"wp:attachment":[{"href":"https:\/\/sinspeb.org.br\/index.php?rest_route=%2Fwp%2Fv2%2Fmedia&parent=959"}],"wp:term":[{"taxonomy":"category","embeddable":true,"href":"https:\/\/sinspeb.org.br\/index.php?rest_route=%2Fwp%2Fv2%2Fcategories&post=959"},{"taxonomy":"post_tag","embeddable":true,"href":"https:\/\/sinspeb.org.br\/index.php?rest_route=%2Fwp%2Fv2%2Ftags&post=959"}],"curies":[{"name":"wp","href":"https:\/\/api.w.org\/{rel}","templated":true}]}}