{"id":966,"date":"2020-03-25T17:41:24","date_gmt":"2020-03-25T20:41:24","guid":{"rendered":"http:\/\/sinspeb.org.br\/?p=966"},"modified":"2020-03-25T17:41:24","modified_gmt":"2020-03-25T20:41:24","slug":"sindicato-afirma-que-diretora-da-central-medica-penitenciaria-abandonou-a-unidade-em-plena-pandemia-do-coronavirus","status":"publish","type":"post","link":"https:\/\/sinspeb.org.br\/?p=966","title":{"rendered":"Sindicato afirma que  diretora da Central M\u00e9dica Penitenci\u00e1ria &#8220;abandonou&#8221; a unidade em plena pandemia do Coronav\u00edrus"},"content":{"rendered":"<p><img fetchpriority=\"high\" decoding=\"async\" src=\"http:\/\/sinspeb.org.br\/wp-content\/uploads\/2020\/03\/IMG-20200118-WA0001.jpg\" alt=\"\" width=\"640\" height=\"640\" class=\"aligncenter size-full wp-image-952\" srcset=\"https:\/\/sinspeb.org.br\/wp-content\/uploads\/2020\/03\/IMG-20200118-WA0001.jpg 640w, https:\/\/sinspeb.org.br\/wp-content\/uploads\/2020\/03\/IMG-20200118-WA0001-150x150.jpg 150w, https:\/\/sinspeb.org.br\/wp-content\/uploads\/2020\/03\/IMG-20200118-WA0001-300x300.jpg 300w\" sizes=\"(max-width: 640px) 100vw, 640px\" \/><\/p>\n<p>Segundo o Sinspeb, a gestora al\u00e9m de ser &#8220;totalmente ausente&#8221; na Central M\u00e9dica, desrespeita o contrato de dedica\u00e7\u00e3o exclusiva ao fazer &#8220;bico&#8221; em empresa terceirizada<\/p>\n<p><img decoding=\"async\" src=\"http:\/\/sinspeb.org.br\/wp-content\/uploads\/2020\/03\/IMG-20200325-WA0032-1024x768.jpg\" alt=\"\" width=\"750\" height=\"563\" class=\"aligncenter size-large wp-image-967\" srcset=\"https:\/\/sinspeb.org.br\/wp-content\/uploads\/2020\/03\/IMG-20200325-WA0032-1024x768.jpg 1024w, https:\/\/sinspeb.org.br\/wp-content\/uploads\/2020\/03\/IMG-20200325-WA0032-300x225.jpg 300w, https:\/\/sinspeb.org.br\/wp-content\/uploads\/2020\/03\/IMG-20200325-WA0032-768x576.jpg 768w, https:\/\/sinspeb.org.br\/wp-content\/uploads\/2020\/03\/IMG-20200325-WA0032.jpg 1032w\" sizes=\"(max-width: 750px) 100vw, 750px\" \/><\/p>\n<p> Em nota enviada \u00e0 imprensa, o Sindicato dos Servidores Penitenci\u00e1rios(Sinspeb)<br \/>\ndenuncia a &#8220;aus\u00eancia&#8221; e &#8220;abandono&#8221; da Central M\u00e9dica Penitenci\u00e1ria pela atual diretora Maria Teresa  Resende. O sindicato salienta que nesse cen\u00e1rio de pandemia do Coronav\u00edrus, a  Central M\u00e9dica Penitenci\u00e1ria &#8220;\u00e9 imprescind\u00edvel e ganha o papel de protagonismo haja vista ser de sua compet\u00eancia todas as a\u00e7\u00f5es de sa\u00fade do setor&#8221;. <\/p>\n<p> Segundo o Sindicato dos Servidores Penitenci\u00e1rios, a gestora respons\u00e1vel pela Central M\u00e9dica &#8220;est\u00e1 sempre ausente, n\u00e3o resolve os problemas b\u00e1sicos de sua unidade, os profissionais de sa\u00fade reclamam da prec\u00e1ria estrutura e da falta de materiais b\u00e1sicos como m\u00e1scaras, luvas e \u00e1lcool em gel. Criticam a falta de um protocolo a ser utilizado pelos profissionais frente \u00e0 crise que acaba impedindo que as condutas sejam padronizadas fato este que exp\u00f5e  os policiais e demais profissionais e os presos ao risco de contamina\u00e7\u00e3o com a COVID-19&#8221;, pontua o Sinspeb atrav\u00e9s da nota.<\/p>\n<p><img decoding=\"async\" src=\"http:\/\/sinspeb.org.br\/wp-content\/uploads\/2020\/03\/IMG-20200325-WA0030.jpg\" alt=\"\" width=\"388\" height=\"220\" class=\"aligncenter size-full wp-image-968\" srcset=\"https:\/\/sinspeb.org.br\/wp-content\/uploads\/2020\/03\/IMG-20200325-WA0030.jpg 388w, https:\/\/sinspeb.org.br\/wp-content\/uploads\/2020\/03\/IMG-20200325-WA0030-300x170.jpg 300w\" sizes=\"(max-width: 388px) 100vw, 388px\" \/><\/p>\n<p>A nota afirma que n\u00e3o houve, por parte da diretora da Central M\u00e9dica Penitenci\u00e1ria &#8220;nenhuma manifesta\u00e7\u00e3o que pudesse orientar e padronizar o atendimento dos reclusos onde hoje seguramente \u00e9 o local com maior aglomera\u00e7\u00e3o de pessoas, com aproximadamente 3.800 presos no Complexo Penitenci\u00e1rio mais os policiais penais e militares, al\u00e9m de todos os demais colaboradores&#8221;, frisa a diretoria do Sindicato dos Servidores Penitenci\u00e1rios.<\/p>\n<p>O Sinspeb destaca que, foi verificado no site da  Socializa (www.socializabrasil.com.br), empresa privada que administra algumas unidades prisionais do Estado, uma mat\u00e9ria onde a Dra Maria Teresa \u00e9 apresentada como m\u00e9dica da unidade e que ministra palestras para os funcion\u00e1rios da empresa. O Sindicato dos Servidores Penitenci\u00e1rios destaca que est\u00e1 esclarecido &#8220;o motivo &#8220;da aus\u00eancia contumaz da diretora na Unidade de Sa\u00fade para  qual foi nomeada e que deveria gerir com dedica\u00e7\u00e3o exclusiva. Encontrada a raz\u00e3o para aquela unidade de sa\u00fade estar em estado de abandono&#8221;.<\/p>\n<p><img loading=\"lazy\" decoding=\"async\" src=\"http:\/\/sinspeb.org.br\/wp-content\/uploads\/2020\/03\/IMG-20200325-WA0021.jpg\" alt=\"\" width=\"675\" height=\"505\" class=\"aligncenter size-full wp-image-969\" srcset=\"https:\/\/sinspeb.org.br\/wp-content\/uploads\/2020\/03\/IMG-20200325-WA0021.jpg 675w, https:\/\/sinspeb.org.br\/wp-content\/uploads\/2020\/03\/IMG-20200325-WA0021-300x224.jpg 300w\" sizes=\"(max-width: 675px) 100vw, 675px\" \/><\/p>\n<p>Na nota o Sindicato questiona o desrespeito da atual diretora da Central M\u00e9dica ao cargo de dedica\u00e7\u00e3o exclusiva. &#8220;Como pode uma servidora p\u00fablica nomeada para cargo de dedica\u00e7\u00e3o exclusiva estar trabalhando para empresa terceirizada que tem contrato com a SEAP?&#8221;<\/p>\n<p>Desse modo,  os Policiais Penais solicitam ao Secret\u00e1rio Nestor Duarte que tome provid\u00eancias, em car\u00e1ter de urg\u00eancia, relativas aos materiais indispens\u00e1veis \u00e0 prote\u00e7\u00e3o dos servidores  e aguardam um plano de a\u00e7\u00e3o para evitar a plorifera\u00e7\u00e3o do Coronav\u00edrus no ambiente prisional.<\/p>\n<p>O Sindicato dos Servidores Penitenci\u00e1rios chama a aten\u00e7\u00e3o do governador do Estado para essa &#8220;imoralidade&#8221; que vem ocorrendo na Central M\u00e9dica Penitenci\u00e1ria, unidade da SEAP, em plena pandemia do Coronav\u00edrus.<\/p>\n<p>Obs: Nas fotos acima a gestora ministra palestra para empresas terceirizadas<\/p>\n<p>Ascom Sinspeb<\/p>\n","protected":false},"excerpt":{"rendered":"<p>Segundo o Sinspeb, a gestora al\u00e9m de ser &#8220;totalmente ausente&#8221; na Central M\u00e9dica, desrespeita o contrato de dedica\u00e7\u00e3o exclusiva ao<\/p>\n","protected":false},"author":1,"featured_media":0,"comment_status":"open","ping_status":"open","sticky":false,"template":"","format":"standard","meta":{"colormag_page_container_layout":"default_layout","colormag_page_sidebar_layout":"default_layout","footnotes":""},"categories":[1],"tags":[],"class_list":["post-966","post","type-post","status-publish","format-standard","hentry","category-noticias"],"_links":{"self":[{"href":"https:\/\/sinspeb.org.br\/index.php?rest_route=\/wp\/v2\/posts\/966","targetHints":{"allow":["GET"]}}],"collection":[{"href":"https:\/\/sinspeb.org.br\/index.php?rest_route=\/wp\/v2\/posts"}],"about":[{"href":"https:\/\/sinspeb.org.br\/index.php?rest_route=\/wp\/v2\/types\/post"}],"author":[{"embeddable":true,"href":"https:\/\/sinspeb.org.br\/index.php?rest_route=\/wp\/v2\/users\/1"}],"replies":[{"embeddable":true,"href":"https:\/\/sinspeb.org.br\/index.php?rest_route=%2Fwp%2Fv2%2Fcomments&post=966"}],"version-history":[{"count":1,"href":"https:\/\/sinspeb.org.br\/index.php?rest_route=\/wp\/v2\/posts\/966\/revisions"}],"predecessor-version":[{"id":970,"href":"https:\/\/sinspeb.org.br\/index.php?rest_route=\/wp\/v2\/posts\/966\/revisions\/970"}],"wp:attachment":[{"href":"https:\/\/sinspeb.org.br\/index.php?rest_route=%2Fwp%2Fv2%2Fmedia&parent=966"}],"wp:term":[{"taxonomy":"category","embeddable":true,"href":"https:\/\/sinspeb.org.br\/index.php?rest_route=%2Fwp%2Fv2%2Fcategories&post=966"},{"taxonomy":"post_tag","embeddable":true,"href":"https:\/\/sinspeb.org.br\/index.php?rest_route=%2Fwp%2Fv2%2Ftags&post=966"}],"curies":[{"name":"wp","href":"https:\/\/api.w.org\/{rel}","templated":true}]}}