{"id":971,"date":"2020-03-30T10:35:01","date_gmt":"2020-03-30T13:35:01","guid":{"rendered":"http:\/\/sinspeb.org.br\/?p=971"},"modified":"2020-03-30T10:35:01","modified_gmt":"2020-03-30T13:35:01","slug":"policiais-penais-frustam-tentativa-de-fuga-no-conjunto-penal-de-feira-de-santana-na-madrugada-desta-segunda-feira30","status":"publish","type":"post","link":"https:\/\/sinspeb.org.br\/?p=971","title":{"rendered":"Policiais Penais frustam tentativa de fuga no Conjunto Penal de Feira de Santana na madrugada desta segunda-feira(30)"},"content":{"rendered":"<p>Cinco detentos tentaram fugir da unidade prisional com cordas;  Sinspeb  destaca a necessidade de investimento tecnol\u00f3gico e abertura de Concurso P\u00fablico para ampliar o efetivo<\/p>\n<p><img fetchpriority=\"high\" decoding=\"async\" src=\"http:\/\/sinspeb.org.br\/wp-content\/uploads\/2020\/03\/IMG-20200118-WA0001.jpg\" alt=\"\" width=\"640\" height=\"640\" class=\"aligncenter size-full wp-image-952\" srcset=\"https:\/\/sinspeb.org.br\/wp-content\/uploads\/2020\/03\/IMG-20200118-WA0001.jpg 640w, https:\/\/sinspeb.org.br\/wp-content\/uploads\/2020\/03\/IMG-20200118-WA0001-150x150.jpg 150w, https:\/\/sinspeb.org.br\/wp-content\/uploads\/2020\/03\/IMG-20200118-WA0001-300x300.jpg 300w\" sizes=\"(max-width: 640px) 100vw, 640px\" \/><\/p>\n<p>Na madrugada desta segunda-feira(30), cinco detentos tentaram fugir do Conjunto Penal de Feira de Santana, maior unidade prisional do Estado. De acordo com o Sindicato dos Servidores Penitenci\u00e1rios (Sinspeb), o Conjunto Penal possui apenas 20 Policiais Penais por plant\u00e3o para um quantitativo de 1.788 presos, distribu\u00eddos em 11 pavilh\u00f5es masculinos,1 mine-pres\u00eddio e1 pavilh\u00e3o feminino. <\/p>\n<p>O presidente do Sinspeb, Reivon Pimentel, destaca que com a suspens\u00e3o das visitas dos familiares e com o risco de contamina\u00e7\u00e3o pelo coronav\u00edrus os pres\u00eddios v\u00e3o ficar &#8220;mais tensos&#8221; e  e esse quadro vai aumentar a  probabilidade de fugas.<br \/>\n&#8221; Os Policiais Penais precisam agora redobrar a aten\u00e7\u00e3o na medida em que as unidades est\u00e3o mais tensas&#8221;, frisa Pimentel.<\/p>\n<p><img decoding=\"async\" src=\"http:\/\/sinspeb.org.br\/wp-content\/uploads\/2020\/03\/IMG-20200330-WA0001-1024x768.jpg\" alt=\"\" width=\"750\" height=\"563\" class=\"aligncenter size-large wp-image-973\" srcset=\"https:\/\/sinspeb.org.br\/wp-content\/uploads\/2020\/03\/IMG-20200330-WA0001-1024x768.jpg 1024w, https:\/\/sinspeb.org.br\/wp-content\/uploads\/2020\/03\/IMG-20200330-WA0001-300x225.jpg 300w, https:\/\/sinspeb.org.br\/wp-content\/uploads\/2020\/03\/IMG-20200330-WA0001-768x576.jpg 768w, https:\/\/sinspeb.org.br\/wp-content\/uploads\/2020\/03\/IMG-20200330-WA0001.jpg 1280w\" sizes=\"(max-width: 750px) 100vw, 750px\" \/><\/p>\n<p>O sindicalista cobra do Governo do Estado maior investimento em equipamentos tecnol\u00f3gicos  que s\u00e3o indispens\u00e1veis \u00e0 vigil\u00e2ncia do sistema prisional como o monitoramento por c\u00e2mera e bloqueadores de celulares que tem a fun\u00e7\u00e3o de impedir a comunica\u00e7\u00e3o dos apenados com o mundo exterior. <\/p>\n<p><img decoding=\"async\" src=\"http:\/\/sinspeb.org.br\/wp-content\/uploads\/2020\/03\/IMG-20200330-WA0005-768x1024.jpg\" alt=\"\" width=\"750\" height=\"1000\" class=\"aligncenter size-large wp-image-972\" srcset=\"https:\/\/sinspeb.org.br\/wp-content\/uploads\/2020\/03\/IMG-20200330-WA0005-768x1024.jpg 768w, https:\/\/sinspeb.org.br\/wp-content\/uploads\/2020\/03\/IMG-20200330-WA0005-225x300.jpg 225w, https:\/\/sinspeb.org.br\/wp-content\/uploads\/2020\/03\/IMG-20200330-WA0005.jpg 960w\" sizes=\"(max-width: 750px) 100vw, 750px\" \/><\/p>\n<p>O presidente do Sinspeb ressalta a necessidade de abertura de Concurso P\u00fablico para ampliar o quadro de Policiais Penais e de Servidores Penitenci\u00e1rios que atuam nos pres\u00eddios baianos. &#8220;Temos uma quantidade \u00ednfima de servidores que trabalham no pres\u00eddios do Estado. Precisamos refor\u00e7ar e ampliar o nosso efetivo em car\u00e1ter de urg\u00eancia&#8221;, reivindica Reivon Pimentel.<\/p>\n<p>Ascom Sinspeb<\/p>\n","protected":false},"excerpt":{"rendered":"<p>Cinco detentos tentaram fugir da unidade prisional com cordas; Sinspeb destaca a necessidade de investimento tecnol\u00f3gico e abertura de Concurso<\/p>\n","protected":false},"author":1,"featured_media":0,"comment_status":"open","ping_status":"open","sticky":false,"template":"","format":"standard","meta":{"colormag_page_container_layout":"default_layout","colormag_page_sidebar_layout":"default_layout","footnotes":""},"categories":[1],"tags":[],"class_list":["post-971","post","type-post","status-publish","format-standard","hentry","category-noticias"],"_links":{"self":[{"href":"https:\/\/sinspeb.org.br\/index.php?rest_route=\/wp\/v2\/posts\/971","targetHints":{"allow":["GET"]}}],"collection":[{"href":"https:\/\/sinspeb.org.br\/index.php?rest_route=\/wp\/v2\/posts"}],"about":[{"href":"https:\/\/sinspeb.org.br\/index.php?rest_route=\/wp\/v2\/types\/post"}],"author":[{"embeddable":true,"href":"https:\/\/sinspeb.org.br\/index.php?rest_route=\/wp\/v2\/users\/1"}],"replies":[{"embeddable":true,"href":"https:\/\/sinspeb.org.br\/index.php?rest_route=%2Fwp%2Fv2%2Fcomments&post=971"}],"version-history":[{"count":1,"href":"https:\/\/sinspeb.org.br\/index.php?rest_route=\/wp\/v2\/posts\/971\/revisions"}],"predecessor-version":[{"id":974,"href":"https:\/\/sinspeb.org.br\/index.php?rest_route=\/wp\/v2\/posts\/971\/revisions\/974"}],"wp:attachment":[{"href":"https:\/\/sinspeb.org.br\/index.php?rest_route=%2Fwp%2Fv2%2Fmedia&parent=971"}],"wp:term":[{"taxonomy":"category","embeddable":true,"href":"https:\/\/sinspeb.org.br\/index.php?rest_route=%2Fwp%2Fv2%2Fcategories&post=971"},{"taxonomy":"post_tag","embeddable":true,"href":"https:\/\/sinspeb.org.br\/index.php?rest_route=%2Fwp%2Fv2%2Ftags&post=971"}],"curies":[{"name":"wp","href":"https:\/\/api.w.org\/{rel}","templated":true}]}}