{"id":976,"date":"2020-04-03T18:52:10","date_gmt":"2020-04-03T21:52:10","guid":{"rendered":"http:\/\/sinspeb.org.br\/?p=976"},"modified":"2020-04-03T21:01:53","modified_gmt":"2020-04-04T00:01:53","slug":"sindicato-denuncia-que-o-conjunto-penal-de-feira-de-santana-nao-possui-equipamentos-de-protecao-individual-e-nem-material-de-higiene-pessoal","status":"publish","type":"post","link":"https:\/\/sinspeb.org.br\/?p=976","title":{"rendered":"Sindicato denuncia que o Conjunto Penal de Feira de Santana n\u00e3o possui Equipamentos de Prote\u00e7\u00e3o Individual e nem material de higiene pessoal"},"content":{"rendered":"<p>Segundo o Sinspeb, o quadro de escassez dos materiais destinados \u00e0 preven\u00e7\u00e3o ao coronav\u00edrus coloca  os servidores e os detentos em situa\u00e7\u00e3o de &#8220;alto risco de cont\u00e1gio&#8221; <\/p>\n<p><img fetchpriority=\"high\" decoding=\"async\" src=\"http:\/\/sinspeb.org.br\/wp-content\/uploads\/2020\/04\/IMG-20200403-WA0009-1024x768.jpg\" alt=\"\" width=\"750\" height=\"563\" class=\"aligncenter size-large wp-image-977\" srcset=\"https:\/\/sinspeb.org.br\/wp-content\/uploads\/2020\/04\/IMG-20200403-WA0009-1024x768.jpg 1024w, https:\/\/sinspeb.org.br\/wp-content\/uploads\/2020\/04\/IMG-20200403-WA0009-300x225.jpg 300w, https:\/\/sinspeb.org.br\/wp-content\/uploads\/2020\/04\/IMG-20200403-WA0009-768x576.jpg 768w, https:\/\/sinspeb.org.br\/wp-content\/uploads\/2020\/04\/IMG-20200403-WA0009.jpg 1280w\" sizes=\"(max-width: 750px) 100vw, 750px\" \/><\/p>\n<p>O Sindicato dos Servidores Penitenci\u00e1rios (Sinspeb),ap\u00f3s inspe\u00e7\u00e3o t\u00e9cnica no Conjunto Penal de Feira de Santana, realizada nesta sexta-feira(3), denuncia que a maior unidade prisional do Estado n\u00e3o possui os Equipamentos de Prote\u00e7\u00e3o Individual(EPIs) e n\u00e3o disponibiliza material de higiene pessoal e assepsia fundamentais \u00e0 preven\u00e7\u00e3o ao coronav\u00edrus. As cantinas dos 11 (onze) pavilh\u00f5es masculinos, do mini pres\u00eddio, bem como do pavilh\u00e3o feminino da unidade n\u00e3o disp\u00f5em de \u00e1lcool em gel, sabonete l\u00edquido ou toalhas descart\u00e1veis, os banheiros est\u00e3o  sem papel higi\u00eanico, sem sabonetes l\u00edquidos, toalhas descart\u00e1veis e  \u00e1lcool em gel.<\/p>\n<p>&#8220;Diferente do que est\u00e1 sendo divulgado (exposto) na portaria principal do Conjunto Penal, a unidade est\u00e1 totalmente sem os  Equipamentos de Prote\u00e7\u00e3o Individual e  sem o material b\u00e1sico de higiene pessoal e de preven\u00e7\u00e3o ao coronav\u00edrus. Uma verdadeira farsa da diretoria&#8221;, protesta o presidente do Sinspeb, Reivon Pimentel.<\/p>\n<div style=\"width: 640px;\" class=\"wp-video\"><!--[if lt IE 9]><script>document.createElement('video');<\/script><![endif]-->\n<video class=\"wp-video-shortcode\" id=\"video-976-1\" width=\"640\" height=\"352\" preload=\"metadata\" controls=\"controls\"><source type=\"video\/mp4\" src=\"http:\/\/sinspeb.org.br\/wp-content\/uploads\/2020\/04\/VID-20200403-WA0032.mp4?_=1\" \/><a href=\"http:\/\/sinspeb.org.br\/wp-content\/uploads\/2020\/04\/VID-20200403-WA0032.mp4\">http:\/\/sinspeb.org.br\/wp-content\/uploads\/2020\/04\/VID-20200403-WA0032.mp4<\/a><\/video><\/div>\n<p> O sindicalista ressalta que a escada que d\u00e1 acesso ao alojamento feminino  destinado \u00e0s Policiais Penais e que, encontra-se  em constru\u00e7\u00e3o,  est\u00e1 voltada ao p\u00e1tio de conviv\u00eancia das detentas, fato este que aumenta a inseguran\u00e7a e a vulnerabilidade das servidoras. Reivon Pimentel classifica como &#8220;um desrespeito total&#8221; \u00e0s servidoras do Conjunto Penal e afirma que a diretoria da unidade est\u00e1 conduzindo a gest\u00e3o de forma ditatorial. &#8221; As servidoras n\u00e3o foram nem  ouvidas. Ao inv\u00e9s do diretor solicitar e cobrar  Concurso P\u00fablico para aumentar o efetivo tanto feminino como masculino dos pres\u00eddios baianos, adota uma postura totalmente desrespeitosa  com as servidoras. Esperamos que o dinheiro p\u00fablico n\u00e3o continue sendo jogado fora, pois n\u00e3o aceitaremos que o acesso ao alojamento feminino se d\u00ea pelo p\u00e1tio de conviv\u00eancia das detentas porque o que o diretor da unidade pretende com essa manobra \u00e9 fazer com que as Pol\u00edcias em seus momentos de descanso continuem a fazer a fiscaliza\u00e7\u00e3o do Pavilh\u00e3o Feminino da unidade, ou seja, enquanto descansam, as pol\u00edcias carregam pedra&#8221; , reivindica Reivon Pimentel.<\/p>\n<p><img decoding=\"async\" src=\"http:\/\/sinspeb.org.br\/wp-content\/uploads\/2020\/04\/IMG-20200403-WA0011-1024x768.jpg\" alt=\"\" width=\"750\" height=\"563\" class=\"aligncenter size-large wp-image-984\" srcset=\"https:\/\/sinspeb.org.br\/wp-content\/uploads\/2020\/04\/IMG-20200403-WA0011-1024x768.jpg 1024w, https:\/\/sinspeb.org.br\/wp-content\/uploads\/2020\/04\/IMG-20200403-WA0011-300x225.jpg 300w, https:\/\/sinspeb.org.br\/wp-content\/uploads\/2020\/04\/IMG-20200403-WA0011-768x576.jpg 768w, https:\/\/sinspeb.org.br\/wp-content\/uploads\/2020\/04\/IMG-20200403-WA0011.jpg 1280w\" sizes=\"(max-width: 750px) 100vw, 750px\" \/><\/p>\n<p><img decoding=\"async\" src=\"http:\/\/sinspeb.org.br\/wp-content\/uploads\/2020\/04\/IMG-20200403-WA0006-1024x768.jpg\" alt=\"\" width=\"750\" height=\"563\" class=\"aligncenter size-large wp-image-985\" srcset=\"https:\/\/sinspeb.org.br\/wp-content\/uploads\/2020\/04\/IMG-20200403-WA0006-1024x768.jpg 1024w, https:\/\/sinspeb.org.br\/wp-content\/uploads\/2020\/04\/IMG-20200403-WA0006-300x225.jpg 300w, https:\/\/sinspeb.org.br\/wp-content\/uploads\/2020\/04\/IMG-20200403-WA0006-768x576.jpg 768w, https:\/\/sinspeb.org.br\/wp-content\/uploads\/2020\/04\/IMG-20200403-WA0006.jpg 1280w\" sizes=\"(max-width: 750px) 100vw, 750px\" \/><\/p>\n<p><img loading=\"lazy\" decoding=\"async\" src=\"http:\/\/sinspeb.org.br\/wp-content\/uploads\/2020\/04\/IMG-20200403-WA0013-1024x768.jpg\" alt=\"\" width=\"750\" height=\"563\" class=\"aligncenter size-large wp-image-987\" srcset=\"https:\/\/sinspeb.org.br\/wp-content\/uploads\/2020\/04\/IMG-20200403-WA0013-1024x768.jpg 1024w, https:\/\/sinspeb.org.br\/wp-content\/uploads\/2020\/04\/IMG-20200403-WA0013-300x225.jpg 300w, https:\/\/sinspeb.org.br\/wp-content\/uploads\/2020\/04\/IMG-20200403-WA0013-768x576.jpg 768w, https:\/\/sinspeb.org.br\/wp-content\/uploads\/2020\/04\/IMG-20200403-WA0013.jpg 1280w\" sizes=\"(max-width: 750px) 100vw, 750px\" \/><\/p>\n<p>Ascom Sinspeb<\/p>\n","protected":false},"excerpt":{"rendered":"<p>Segundo o Sinspeb, o quadro de escassez dos materiais destinados \u00e0 preven\u00e7\u00e3o ao coronav\u00edrus coloca os servidores e os detentos<\/p>\n","protected":false},"author":1,"featured_media":0,"comment_status":"open","ping_status":"open","sticky":false,"template":"","format":"standard","meta":{"colormag_page_container_layout":"default_layout","colormag_page_sidebar_layout":"default_layout","footnotes":""},"categories":[1],"tags":[],"class_list":["post-976","post","type-post","status-publish","format-standard","hentry","category-noticias"],"_links":{"self":[{"href":"https:\/\/sinspeb.org.br\/index.php?rest_route=\/wp\/v2\/posts\/976","targetHints":{"allow":["GET"]}}],"collection":[{"href":"https:\/\/sinspeb.org.br\/index.php?rest_route=\/wp\/v2\/posts"}],"about":[{"href":"https:\/\/sinspeb.org.br\/index.php?rest_route=\/wp\/v2\/types\/post"}],"author":[{"embeddable":true,"href":"https:\/\/sinspeb.org.br\/index.php?rest_route=\/wp\/v2\/users\/1"}],"replies":[{"embeddable":true,"href":"https:\/\/sinspeb.org.br\/index.php?rest_route=%2Fwp%2Fv2%2Fcomments&post=976"}],"version-history":[{"count":6,"href":"https:\/\/sinspeb.org.br\/index.php?rest_route=\/wp\/v2\/posts\/976\/revisions"}],"predecessor-version":[{"id":989,"href":"https:\/\/sinspeb.org.br\/index.php?rest_route=\/wp\/v2\/posts\/976\/revisions\/989"}],"wp:attachment":[{"href":"https:\/\/sinspeb.org.br\/index.php?rest_route=%2Fwp%2Fv2%2Fmedia&parent=976"}],"wp:term":[{"taxonomy":"category","embeddable":true,"href":"https:\/\/sinspeb.org.br\/index.php?rest_route=%2Fwp%2Fv2%2Fcategories&post=976"},{"taxonomy":"post_tag","embeddable":true,"href":"https:\/\/sinspeb.org.br\/index.php?rest_route=%2Fwp%2Fv2%2Ftags&post=976"}],"curies":[{"name":"wp","href":"https:\/\/api.w.org\/{rel}","templated":true}]}}