{"id":990,"date":"2020-04-07T11:42:02","date_gmt":"2020-04-07T14:42:02","guid":{"rendered":"http:\/\/sinspeb.org.br\/?p=990"},"modified":"2020-04-07T11:51:33","modified_gmt":"2020-04-07T14:51:33","slug":"coronavirus-policiais-penais-aderem-a-campanha-fique-em-casa-confira-video","status":"publish","type":"post","link":"https:\/\/sinspeb.org.br\/?p=990","title":{"rendered":"Coronav\u00edrus: Policiais Penais aderem \u00e0 Campanha &#8220;Fique em Casa&#8221;! ; confira v\u00eddeo"},"content":{"rendered":"<p>Policiais Penais baianos  gravam v\u00eddeo para refor\u00e7ar campanha em defesa do isolamento social <\/p>\n<p><img fetchpriority=\"high\" decoding=\"async\" src=\"http:\/\/sinspeb.org.br\/wp-content\/uploads\/2020\/04\/IMG-20200118-WA0001.jpg\" alt=\"\" width=\"640\" height=\"640\" class=\"aligncenter size-full wp-image-994\" srcset=\"https:\/\/sinspeb.org.br\/wp-content\/uploads\/2020\/04\/IMG-20200118-WA0001.jpg 640w, https:\/\/sinspeb.org.br\/wp-content\/uploads\/2020\/04\/IMG-20200118-WA0001-150x150.jpg 150w, https:\/\/sinspeb.org.br\/wp-content\/uploads\/2020\/04\/IMG-20200118-WA0001-300x300.jpg 300w\" sizes=\"(max-width: 640px) 100vw, 640px\" \/><\/p>\n<p>Em v\u00eddeo, Policiais Penais e Servidores Penitenci\u00e1rios do Conjunto Penal de Feira de Santana destacam a import\u00e2ncia do isolamento social como mecanismo de  preven\u00e7\u00e3o \u00e0 prolifera\u00e7\u00e3o do coronav\u00edrus. Depoimentos como  &#8220;N\u00f3s amamos nossa fam\u00edlia, por voc\u00ea, por n\u00f3s, pelo outro, fique em casa!&#8221; ou &#8220;Pela sua sa\u00fade, pela sa\u00fade de sua fam\u00edlia, por todos n\u00f3s, fiquem em casa!&#8221;, conclamam os servidores respons\u00e1veis pela seguran\u00e7a das unidades prisionais do Estado.<\/p>\n<div style=\"width: 640px;\" class=\"wp-video\"><!--[if lt IE 9]><script>document.createElement('video');<\/script><![endif]-->\n<video class=\"wp-video-shortcode\" id=\"video-990-1\" width=\"640\" height=\"352\" preload=\"metadata\" controls=\"controls\"><source type=\"video\/mp4\" src=\"http:\/\/sinspeb.org.br\/wp-content\/uploads\/2020\/04\/VID-20200403-WA0045.mp4?_=1\" \/><a href=\"http:\/\/sinspeb.org.br\/wp-content\/uploads\/2020\/04\/VID-20200403-WA0045.mp4\">http:\/\/sinspeb.org.br\/wp-content\/uploads\/2020\/04\/VID-20200403-WA0045.mp4<\/a><\/video><\/div>\n<p>O presidente do Sindicato dos Servidores Penitenci\u00e1rios(Sinspeb),Reivon Pimentel,salienta que o v\u00eddeo \u00e9 uma contribui\u00e7\u00e3o dos Policiais Penais que precisam estar nas unidades prisionais para garantir a seguran\u00e7a dos apenados e da sociedade civil de uma forma geral. <\/p>\n<p>&#8221; Os Policiais Penais desempenham atividade essencial \u00e0 sociedade.Por isso, as pessoas que podem ficar em casa, precisam cumprir  o isolamento social proposto pelo governador do Estado. Fazendo isso, v\u00e3o estar colaborando com a Seguran\u00e7a P\u00fablica e com toda a sociedade, pois quanto mais pessoas nas ruas,maior \u00e9 a probabilidade de prolifera\u00e7\u00e3o do v\u00edrus e mais possibilidade de cont\u00e1gio&#8221;, pontua Reivon Pimentel.<\/p>\n<p>Ascom Sinspeb<\/p>\n","protected":false},"excerpt":{"rendered":"<p>Policiais Penais baianos gravam v\u00eddeo para refor\u00e7ar campanha em defesa do isolamento social Em v\u00eddeo, Policiais Penais e Servidores Penitenci\u00e1rios<\/p>\n","protected":false},"author":1,"featured_media":0,"comment_status":"open","ping_status":"open","sticky":false,"template":"","format":"standard","meta":{"colormag_page_container_layout":"default_layout","colormag_page_sidebar_layout":"default_layout","footnotes":""},"categories":[1],"tags":[],"class_list":["post-990","post","type-post","status-publish","format-standard","hentry","category-noticias"],"_links":{"self":[{"href":"https:\/\/sinspeb.org.br\/index.php?rest_route=\/wp\/v2\/posts\/990","targetHints":{"allow":["GET"]}}],"collection":[{"href":"https:\/\/sinspeb.org.br\/index.php?rest_route=\/wp\/v2\/posts"}],"about":[{"href":"https:\/\/sinspeb.org.br\/index.php?rest_route=\/wp\/v2\/types\/post"}],"author":[{"embeddable":true,"href":"https:\/\/sinspeb.org.br\/index.php?rest_route=\/wp\/v2\/users\/1"}],"replies":[{"embeddable":true,"href":"https:\/\/sinspeb.org.br\/index.php?rest_route=%2Fwp%2Fv2%2Fcomments&post=990"}],"version-history":[{"count":5,"href":"https:\/\/sinspeb.org.br\/index.php?rest_route=\/wp\/v2\/posts\/990\/revisions"}],"predecessor-version":[{"id":993,"href":"https:\/\/sinspeb.org.br\/index.php?rest_route=\/wp\/v2\/posts\/990\/revisions\/993"}],"wp:attachment":[{"href":"https:\/\/sinspeb.org.br\/index.php?rest_route=%2Fwp%2Fv2%2Fmedia&parent=990"}],"wp:term":[{"taxonomy":"category","embeddable":true,"href":"https:\/\/sinspeb.org.br\/index.php?rest_route=%2Fwp%2Fv2%2Fcategories&post=990"},{"taxonomy":"post_tag","embeddable":true,"href":"https:\/\/sinspeb.org.br\/index.php?rest_route=%2Fwp%2Fv2%2Ftags&post=990"}],"curies":[{"name":"wp","href":"https:\/\/api.w.org\/{rel}","templated":true}]}}