{"id":999,"date":"2020-04-20T15:36:23","date_gmt":"2020-04-20T18:36:23","guid":{"rendered":"http:\/\/sinspeb.org.br\/?p=999"},"modified":"2020-10-22T17:45:14","modified_gmt":"2020-10-22T20:45:14","slug":"doze-detentos-fogem-do-complexo-penitenciario-da-mata-escura-nesta-segunda-feira20","status":"publish","type":"post","link":"https:\/\/sinspeb.org.br\/?p=999","title":{"rendered":"Doze detentos fogem do Complexo Penitenci\u00e1rio da Mata Escura nesta segunda-feira(20)"},"content":{"rendered":"<p>O Sindicato dos Servidores Penitenci\u00e1rios(Sinspeb)<br \/>\ndenuncia que os diversos problemas estruturais do local favorecem as tentativas de fugas<\/p>\n<p><img fetchpriority=\"high\" decoding=\"async\" class=\"aligncenter size-full wp-image-994\" src=\"http:\/\/sinspeb.org.br\/wp-content\/uploads\/2020\/04\/IMG-20200118-WA0001.jpg\" alt=\"\" width=\"640\" height=\"640\" srcset=\"https:\/\/sinspeb.org.br\/wp-content\/uploads\/2020\/04\/IMG-20200118-WA0001.jpg 640w, https:\/\/sinspeb.org.br\/wp-content\/uploads\/2020\/04\/IMG-20200118-WA0001-150x150.jpg 150w, https:\/\/sinspeb.org.br\/wp-content\/uploads\/2020\/04\/IMG-20200118-WA0001-300x300.jpg 300w\" sizes=\"(max-width: 640px) 100vw, 640px\" \/><\/p>\n<p>Na madrugada desta segunda-feira(20),doze detentos fugiram do Complexo Penitenci\u00e1rio da Mata Escura. Segundo o Sinspeb, os presos sa\u00edram das celas e acessaram a parte externa rompendo a estrutura totalmente corro\u00edda pela ferrugem e se evadiram pelo matagal, um dos fugitivos foi encontrado morto e outro foi recapturado por policiais.<\/p>\n<p>O Sindicato dos Servidores Penitenci\u00e1rios(Sinspeb) afirma que a Unidade Especial Disciplinar, que integra o Complexo Prisional de Salvador, apresenta uma p\u00e9ssima infraestrutura e, inclusive, est\u00e1 parcialmente interditada. &#8220;S\u00e3o diversos problemas estruturais que acabam favorecendo as fugas. As portas eram acionadas de forma remota e encontram-se atualmente todas quebradas.Temos problemas el\u00e9tricos. A Unidade Especial Disciplinar foi constru\u00edda para ser a unidade prisional de seguran\u00e7a m\u00e1xima do Estado, mas hoje n\u00e3o passa de um pr\u00e9dio em ru\u00ednas&#8221;, frisa o Vice-presidente do Sinspeb, Fernando Fernandes, ao salientar que os Policiais Penais que estavam de plant\u00e3o conseguiram evitar a fuga de um n\u00famero maior de presos.<\/p>\n<p>Ascom Sinspeb<\/p>\n","protected":false},"excerpt":{"rendered":"<p>O Sindicato dos Servidores Penitenci\u00e1rios(Sinspeb) denuncia que os diversos problemas estruturais do local favorecem as tentativas de fugas Na madrugada<\/p>\n","protected":false},"author":1,"featured_media":1179,"comment_status":"closed","ping_status":"closed","sticky":false,"template":"","format":"standard","meta":{"colormag_page_container_layout":"default_layout","colormag_page_sidebar_layout":"default_layout","footnotes":""},"categories":[1],"tags":[],"class_list":["post-999","post","type-post","status-publish","format-standard","has-post-thumbnail","hentry","category-noticias"],"_links":{"self":[{"href":"https:\/\/sinspeb.org.br\/index.php?rest_route=\/wp\/v2\/posts\/999","targetHints":{"allow":["GET"]}}],"collection":[{"href":"https:\/\/sinspeb.org.br\/index.php?rest_route=\/wp\/v2\/posts"}],"about":[{"href":"https:\/\/sinspeb.org.br\/index.php?rest_route=\/wp\/v2\/types\/post"}],"author":[{"embeddable":true,"href":"https:\/\/sinspeb.org.br\/index.php?rest_route=\/wp\/v2\/users\/1"}],"replies":[{"embeddable":true,"href":"https:\/\/sinspeb.org.br\/index.php?rest_route=%2Fwp%2Fv2%2Fcomments&post=999"}],"version-history":[{"count":2,"href":"https:\/\/sinspeb.org.br\/index.php?rest_route=\/wp\/v2\/posts\/999\/revisions"}],"predecessor-version":[{"id":1354,"href":"https:\/\/sinspeb.org.br\/index.php?rest_route=\/wp\/v2\/posts\/999\/revisions\/1354"}],"wp:featuredmedia":[{"embeddable":true,"href":"https:\/\/sinspeb.org.br\/index.php?rest_route=\/wp\/v2\/media\/1179"}],"wp:attachment":[{"href":"https:\/\/sinspeb.org.br\/index.php?rest_route=%2Fwp%2Fv2%2Fmedia&parent=999"}],"wp:term":[{"taxonomy":"category","embeddable":true,"href":"https:\/\/sinspeb.org.br\/index.php?rest_route=%2Fwp%2Fv2%2Fcategories&post=999"},{"taxonomy":"post_tag","embeddable":true,"href":"https:\/\/sinspeb.org.br\/index.php?rest_route=%2Fwp%2Fv2%2Ftags&post=999"}],"curies":[{"name":"wp","href":"https:\/\/api.w.org\/{rel}","templated":true}]}}